{"id":1574,"date":"2017-01-12T11:10:12","date_gmt":"2017-01-12T11:10:12","guid":{"rendered":"http:\/\/www.gender.gov.sk\/zastavmenasilie\/?p=1574"},"modified":"2017-01-20T08:10:15","modified_gmt":"2017-01-20T08:10:15","slug":"prehlbenie-spoluprace-pri-pomoci-zenam-ktore-zazivaju-nasilie","status":"publish","type":"post","link":"https:\/\/www.gender.gov.sk\/zastavmenasilie\/2017\/01\/12\/prehlbenie-spoluprace-pri-pomoci-zenam-ktore-zazivaju-nasilie\/","title":{"rendered":"Preh\u013abenie spolupr\u00e1ce pri pomoci \u017een\u00e1m, ktor\u00e9 za\u017e\u00edvaj\u00fa n\u00e1silie"},"content":{"rendered":"<p>V\u00a0decembri 2016 In\u0161tit\u00fat pre v\u00fdskum pr\u00e1ce a\u00a0rodiny a\u00a0v\u00a0r\u00e1mci neho Koordina\u010dno-metodick\u00e9 centrum pre rodovo podmienen\u00e9 a\u00a0dom\u00e1ce n\u00e1silie uzavreli <strong>memorandum o\u00a0spolupr\u00e1ci<\/strong> s\u00a0Ko\u0161ick\u00fdm samospr\u00e1vnym krajom v\u00a0oblasti prevencie a\u00a0elimin\u00e1cie n\u00e1silia na \u017een\u00e1ch a\u00a0ich de\u0165och, rodovo podmienen\u00e9ho n\u00e1silia a\u00a0dom\u00e1ceho n\u00e1silia. Cie\u013eom memoranda je preh\u013abenie odbornej spolupr\u00e1ce\u00a0 pri vytv\u00e1ran\u00ed podmienok pre skvalit\u0148ovanie a\u00a0roz\u0161irovanie ponuky soci\u00e1lnych slu\u017eieb pre prevenciu a\u00a0elimin\u00e1ciu dom\u00e1ceho n\u00e1silia na \u017een\u00e1ch, ako aj v\u00a0oblasti vzdel\u00e1vania oboch in\u0161tit\u00faci\u00ed v\u00a0tejto problematike. Napom\u00e1ha tie\u017e vytvoreniu multiin\u0161titucion\u00e1lneho a koordinovan\u00e9ho pr\u00edstupu v\u00a0oblasti prevencie a elimin\u00e1cie n\u00e1silia na \u017een\u00e1ch na Slovensku.<\/p>\n<p>\u201eKo\u0161ick\u00fd samospr\u00e1vny kraj je pr\u00edkladom dobrej praxe v\u00a0oblasti poskytovania \u0161pecializovan\u00fdch slu\u017eieb pre \u017eeny za\u017e\u00edvaj\u00face n\u00e1silie a\u00a0ich deti a\u00a0u\u017e dlh\u00e9 roky tie\u017e podporuje multiin\u0161titucion\u00e1lny pr\u00edstup k\u00a0rie\u0161eniu problematiky v\u00a0spolupr\u00e1ci so \u017eensk\u00fdmi mimovl\u00e1dnymi organiz\u00e1ciami v\u00a0kraji, preto si podpis memoranda pr\u00e1ve s\u00a0t\u00fdmto krajom ve\u013emi cen\u00edme\u201c, hovor\u00ed riadite\u013eka in\u0161tit\u00fatu Sylvia Porub\u00e4nov\u00e1.<\/p>\n<p>\u201eN\u00e1\u0161 kraj sa v\u017edy sna\u017e\u00ed poskytn\u00fa\u0165 podporu znev\u00fdhodnen\u00fdm skupin\u00e1m, ktorou \u017eeny, ktor\u00e9 za\u017e\u00edvaj\u00fa n\u00e1silie a\u00a0obete dom\u00e1ceho n\u00e1silia, nepochybne s\u00fa. Preto v\u00edtame mo\u017enos\u0165 \u010fal\u0161ej podpory tejto problematiky v\u00a0kraji\u201c, hovor\u00ed predseda kraja Zdenko Trebu\u013ea.<\/p>\n<p>Podobn\u00e9 memorand\u00e1 o\u00a0spolupr\u00e1ci in\u0161tit\u00fat uzatvoril, alebo pl\u00e1nuje uzavrie\u0165 aj s\u00a0ostatn\u00fdmi samospr\u00e1vnymi krajmi a\u00a0\u010fal\u0161\u00edmi in\u0161tit\u00faciami, ktor\u00e9 s\u00fa nevyhnutn\u00e9 pri spolo\u010dnom postupe na ochranu \u017eien za\u017e\u00edvaj\u00facich n\u00e1silie a\u00a0ich det\u00ed. Patria medzi ne napr\u00edklad \u00dastredie pr\u00e1ce, soci\u00e1lnych vec\u00ed a\u00a0rodiny SR, Policajn\u00fd zbor SR, Gener\u00e1lna prokurat\u00fara a\u00a0\u010fal\u0161ie.<\/p>\n<p>Poslan\u00edm \u00a0Koordina\u010dno \u2013 metodick\u00e9ho centra pre rodovo podmienen\u00e9 a\u00a0dom\u00e1ce n\u00e1silie je v\u00a0s\u00falade s N\u00e1rodn\u00fdm ak\u010dn\u00fdm pl\u00e1nom na prevenciu a\u00a0elimin\u00e1ciu n\u00e1silia p\u00e1chan\u00e9ho na \u017een\u00e1ch na roky 2014 \u2013 2019 vytvori\u0165, implementova\u0165 a koordinova\u0165 komplexn\u00fa celo\u0161t\u00e1tnu politiku pre dan\u00fa oblas\u0165.<\/p>\n","protected":false},"excerpt":{"rendered":"<p>V\u00a0decembri 2016 In\u0161tit\u00fat pre v\u00fdskum pr\u00e1ce a\u00a0rodiny a\u00a0v\u00a0r\u00e1mci neho Koordina\u010dno-metodick\u00e9 centrum pre rodovo podmienen\u00e9 a\u00a0dom\u00e1ce n\u00e1silie uzavreli memorandum o\u00a0spolupr\u00e1ci s\u00a0Ko\u0161ick\u00fdm samospr\u00e1vnym krajom v\u00a0oblasti prevencie a\u00a0elimin\u00e1cie n\u00e1silia na \u017een\u00e1ch a\u00a0ich de\u0165och, rodovo podmienen\u00e9ho n\u00e1silia a\u00a0dom\u00e1ceho n\u00e1silia. Cie\u013eom memoranda je preh\u013abenie odbornej spolupr\u00e1ce\u00a0 pri vytv\u00e1ran\u00ed podmienok pre skvalit\u0148ovanie a\u00a0roz\u0161irovanie ponuky soci\u00e1lnych slu\u017eieb pre prevenciu a\u00a0elimin\u00e1ciu dom\u00e1ceho n\u00e1silia &hellip; <\/p>\n<p><a class=\"more-link block-button\" href=\"https:\/\/www.gender.gov.sk\/zastavmenasilie\/2017\/01\/12\/prehlbenie-spoluprace-pri-pomoci-zenam-ktore-zazivaju-nasilie\/\">\u010c\u00edta\u0165 viac &raquo;<\/a><\/p>\n","protected":false},"author":23,"featured_media":910,"comment_status":"closed","ping_status":"open","sticky":false,"template":"","format":"standard","meta":[],"categories":[22],"tags":[],"_links":{"self":[{"href":"https:\/\/www.gender.gov.sk\/zastavmenasilie\/wp-json\/wp\/v2\/posts\/1574"}],"collection":[{"href":"https:\/\/www.gender.gov.sk\/zastavmenasilie\/wp-json\/wp\/v2\/posts"}],"about":[{"href":"https:\/\/www.gender.gov.sk\/zastavmenasilie\/wp-json\/wp\/v2\/types\/post"}],"author":[{"embeddable":true,"href":"https:\/\/www.gender.gov.sk\/zastavmenasilie\/wp-json\/wp\/v2\/users\/23"}],"replies":[{"embeddable":true,"href":"https:\/\/www.gender.gov.sk\/zastavmenasilie\/wp-json\/wp\/v2\/comments?post=1574"}],"version-history":[{"count":1,"href":"https:\/\/www.gender.gov.sk\/zastavmenasilie\/wp-json\/wp\/v2\/posts\/1574\/revisions"}],"predecessor-version":[{"id":1575,"href":"https:\/\/www.gender.gov.sk\/zastavmenasilie\/wp-json\/wp\/v2\/posts\/1574\/revisions\/1575"}],"wp:featuredmedia":[{"embeddable":true,"href":"https:\/\/www.gender.gov.sk\/zastavmenasilie\/wp-json\/wp\/v2\/media\/910"}],"wp:attachment":[{"href":"https:\/\/www.gender.gov.sk\/zastavmenasilie\/wp-json\/wp\/v2\/media?parent=1574"}],"wp:term":[{"taxonomy":"category","embeddable":true,"href":"https:\/\/www.gender.gov.sk\/zastavmenasilie\/wp-json\/wp\/v2\/categories?post=1574"},{"taxonomy":"post_tag","embeddable":true,"href":"https:\/\/www.gender.gov.sk\/zastavmenasilie\/wp-json\/wp\/v2\/tags?post=1574"}],"curies":[{"name":"wp","href":"https:\/\/api.w.org\/{rel}","templated":true}]}}